{"id":2920,"date":"2025-10-29T16:00:00","date_gmt":"2025-10-29T16:00:00","guid":{"rendered":"https:\/\/eic-france.fr\/?p=2920"},"modified":"2025-10-30T12:16:01","modified_gmt":"2025-10-30T12:16:01","slug":"eic-france-a-la-formation-apev-2025","status":"publish","type":"post","link":"https:\/\/eic-france.fr\/?p=2920","title":{"rendered":"EIC France \u00e0 la formation APEV 2025"},"content":{"rendered":"\t\t<div data-elementor-type=\"wp-post\" data-elementor-id=\"2920\" class=\"elementor elementor-2920\">\n\t\t\t\t\t\t<section class=\"elementor-section elementor-top-section elementor-element elementor-element-46898ab8 elementor-section-boxed elementor-section-height-default elementor-section-height-default\" data-id=\"46898ab8\" data-element_type=\"section\" data-e-type=\"section\">\n\t\t\t\t\t\t<div class=\"elementor-container elementor-column-gap-no\">\n\t\t\t\t\t<div class=\"elementor-column elementor-col-100 elementor-top-column elementor-element elementor-element-5b5a31c5\" data-id=\"5b5a31c5\" data-element_type=\"column\" data-e-type=\"column\">\n\t\t\t<div class=\"elementor-widget-wrap elementor-element-populated\">\n\t\t\t\t\t\t<div class=\"elementor-element elementor-element-5d9778ff elementor-widget elementor-widget-text-editor\" data-id=\"5d9778ff\" data-element_type=\"widget\" data-e-type=\"widget\" data-widget_type=\"text-editor.default\">\n\t\t\t\t<div class=\"elementor-widget-container\">\n\t\t\t\t\t\t\t\t\t<p>\u00abBruges, chef-lieu de la province de Flandre occidentale, est r\u00e9put\u00e9e pour son remarquable patrimoine m\u00e9di\u00e9val, ses canaux pittoresques, son atmosph\u00e8re romantique ainsi que la production de dentelle et de chocolat.<\/p>\n<p>Destination incontournable, Bruges, souvent surnomm\u00e9e la \u00ab\u00a0Venise du Nord\u00a0\u00bb en raison des multiples canaux qui la traverse, abrite le si\u00e8ge de la soci\u00e9t\u00e9 PEMCO International qui a accueilli cette ann\u00e9e la traditionnelle formation de l\u2019APEV.<\/p>\n<p>16 stagiaires, avides de connaissances, ont assist\u00e9 \u00e0 cette formation qui s\u2019est d\u00e9roul\u00e9e dans une atmosph\u00e8re conviviale et qui s\u2019est achev\u00e9e par une tr\u00e8s int\u00e9ressante visite du site de production de PEMCO.\u00a0\u00bb<\/p>\n<p>\u00a0<\/p>\n<p><a href=\"https:\/\/www.apev-email.fr\/formation-apev-2025\/\">FORMATION APEV 2025 &#8211; APEV<\/a><\/p>\n<p><!-- \/wp:paragraph --><\/p>\t\t\t\t\t\t\t\t<\/div>\n\t\t\t\t<\/div>\n\t\t\t\t\t<\/div>\n\t\t<\/div>\n\t\t\t\t\t<\/div>\n\t\t<\/section>\n\t\t\t\t<\/div>\n\t\t","protected":false},"excerpt":{"rendered":"<p>\u00abBruges, chef-lieu de la province de Flandre occidentale, est r\u00e9put\u00e9e pour son remarquable patrimoine m\u00e9di\u00e9val, ses canaux pittoresques, son atmosph\u00e8re romantique ainsi que la production de dentelle et de chocolat. Destination incontournable, Bruges, souvent surnomm\u00e9e la \u00ab\u00a0Venise du Nord\u00a0\u00bb en raison des multiples canaux qui la traverse, abrite le si\u00e8ge [&hellip;]<\/p>\n","protected":false},"author":1,"featured_media":2925,"comment_status":"closed","ping_status":"closed","sticky":false,"template":"","format":"standard","meta":{"footnotes":""},"categories":[24],"tags":[27,26,25],"class_list":["post-2920","post","type-post","status-publish","format-standard","has-post-thumbnail","hentry","category-news-entreprise","tag-bonnes-pratiques","tag-email","tag-formation"],"_links":{"self":[{"href":"https:\/\/eic-france.fr\/index.php?rest_route=\/wp\/v2\/posts\/2920","targetHints":{"allow":["GET"]}}],"collection":[{"href":"https:\/\/eic-france.fr\/index.php?rest_route=\/wp\/v2\/posts"}],"about":[{"href":"https:\/\/eic-france.fr\/index.php?rest_route=\/wp\/v2\/types\/post"}],"author":[{"embeddable":true,"href":"https:\/\/eic-france.fr\/index.php?rest_route=\/wp\/v2\/users\/1"}],"replies":[{"embeddable":true,"href":"https:\/\/eic-france.fr\/index.php?rest_route=%2Fwp%2Fv2%2Fcomments&post=2920"}],"version-history":[{"count":5,"href":"https:\/\/eic-france.fr\/index.php?rest_route=\/wp\/v2\/posts\/2920\/revisions"}],"predecessor-version":[{"id":2926,"href":"https:\/\/eic-france.fr\/index.php?rest_route=\/wp\/v2\/posts\/2920\/revisions\/2926"}],"wp:featuredmedia":[{"embeddable":true,"href":"https:\/\/eic-france.fr\/index.php?rest_route=\/wp\/v2\/media\/2925"}],"wp:attachment":[{"href":"https:\/\/eic-france.fr\/index.php?rest_route=%2Fwp%2Fv2%2Fmedia&parent=2920"}],"wp:term":[{"taxonomy":"category","embeddable":true,"href":"https:\/\/eic-france.fr\/index.php?rest_route=%2Fwp%2Fv2%2Fcategories&post=2920"},{"taxonomy":"post_tag","embeddable":true,"href":"https:\/\/eic-france.fr\/index.php?rest_route=%2Fwp%2Fv2%2Ftags&post=2920"}],"curies":[{"name":"wp","href":"https:\/\/api.w.org\/{rel}","templated":true}]}}