{"id":2911,"date":"2025-10-29T18:17:39","date_gmt":"2025-10-29T18:17:39","guid":{"rendered":"https:\/\/eic-france.fr\/?p=2911"},"modified":"2025-10-29T18:43:03","modified_gmt":"2025-10-29T18:43:03","slug":"congres-international-des-emailleurs-paris-2026-apev-2","status":"publish","type":"post","link":"https:\/\/eic-france.fr\/?p=2911","title":{"rendered":"Congr\u00e8s International des Emailleurs Paris 2026 \u2013 APEV"},"content":{"rendered":"\t\t<div data-elementor-type=\"wp-post\" data-elementor-id=\"2911\" class=\"elementor elementor-2911\">\n\t\t\t\t\t\t<section class=\"elementor-section elementor-top-section elementor-element elementor-element-46898ab8 elementor-section-boxed elementor-section-height-default elementor-section-height-default\" data-id=\"46898ab8\" data-element_type=\"section\" data-e-type=\"section\">\n\t\t\t\t\t\t<div class=\"elementor-container elementor-column-gap-no\">\n\t\t\t\t\t<div class=\"elementor-column elementor-col-100 elementor-top-column elementor-element elementor-element-5b5a31c5\" data-id=\"5b5a31c5\" data-element_type=\"column\" data-e-type=\"column\">\n\t\t\t<div class=\"elementor-widget-wrap elementor-element-populated\">\n\t\t\t\t\t\t<div class=\"elementor-element elementor-element-5d9778ff elementor-widget elementor-widget-text-editor\" data-id=\"5d9778ff\" data-element_type=\"widget\" data-e-type=\"widget\" data-widget_type=\"text-editor.default\">\n\t\t\t\t<div class=\"elementor-widget-container\">\n\t\t\t\t\t\t\t\t\t<p>\u201cLe prochain Congr\u00e8s International des Emailleurs sera organis\u00e9 par l\u2019APEV et se d\u00e9roulera en France, \u00e0 Paris, du 1er au 4 juin 2026. Vous serez inform\u00e9s prochainement des modalit\u00e9s d\u2019inscription et de partenariat.\u201d<\/p>\n<p><!-- \/wp:paragraph --><\/p>\t\t\t\t\t\t\t\t<\/div>\n\t\t\t\t<\/div>\n\t\t\t\t\t<\/div>\n\t\t<\/div>\n\t\t\t\t\t<\/div>\n\t\t<\/section>\n\t\t\t\t<\/div>\n\t\t","protected":false},"excerpt":{"rendered":"<p>\u201cLe prochain Congr\u00e8s International des Emailleurs sera organis\u00e9 par l\u2019APEV et se d\u00e9roulera en France, \u00e0 Paris, du 1er au 4 juin 2026. Vous serez inform\u00e9s prochainement des modalit\u00e9s d\u2019inscription et de partenariat.\u201d<\/p>\n","protected":false},"author":1,"featured_media":2891,"comment_status":"closed","ping_status":"closed","sticky":false,"template":"","format":"standard","meta":{"footnotes":""},"categories":[24],"tags":[26],"class_list":["post-2911","post","type-post","status-publish","format-standard","has-post-thumbnail","hentry","category-news-entreprise","tag-email"],"_links":{"self":[{"href":"https:\/\/eic-france.fr\/index.php?rest_route=\/wp\/v2\/posts\/2911","targetHints":{"allow":["GET"]}}],"collection":[{"href":"https:\/\/eic-france.fr\/index.php?rest_route=\/wp\/v2\/posts"}],"about":[{"href":"https:\/\/eic-france.fr\/index.php?rest_route=\/wp\/v2\/types\/post"}],"author":[{"embeddable":true,"href":"https:\/\/eic-france.fr\/index.php?rest_route=\/wp\/v2\/users\/1"}],"replies":[{"embeddable":true,"href":"https:\/\/eic-france.fr\/index.php?rest_route=%2Fwp%2Fv2%2Fcomments&post=2911"}],"version-history":[{"count":6,"href":"https:\/\/eic-france.fr\/index.php?rest_route=\/wp\/v2\/posts\/2911\/revisions"}],"predecessor-version":[{"id":2919,"href":"https:\/\/eic-france.fr\/index.php?rest_route=\/wp\/v2\/posts\/2911\/revisions\/2919"}],"wp:featuredmedia":[{"embeddable":true,"href":"https:\/\/eic-france.fr\/index.php?rest_route=\/wp\/v2\/media\/2891"}],"wp:attachment":[{"href":"https:\/\/eic-france.fr\/index.php?rest_route=%2Fwp%2Fv2%2Fmedia&parent=2911"}],"wp:term":[{"taxonomy":"category","embeddable":true,"href":"https:\/\/eic-france.fr\/index.php?rest_route=%2Fwp%2Fv2%2Fcategories&post=2911"},{"taxonomy":"post_tag","embeddable":true,"href":"https:\/\/eic-france.fr\/index.php?rest_route=%2Fwp%2Fv2%2Ftags&post=2911"}],"curies":[{"name":"wp","href":"https:\/\/api.w.org\/{rel}","templated":true}]}}