{"id":2877,"date":"2025-10-29T15:32:45","date_gmt":"2025-10-29T15:32:45","guid":{"rendered":"https:\/\/eic-france.fr\/?p=2877"},"modified":"2025-10-29T15:35:50","modified_gmt":"2025-10-29T15:35:50","slug":"eic-france-a-la-formation-apev-2020-a-belfort","status":"publish","type":"post","link":"https:\/\/eic-france.fr\/?p=2877","title":{"rendered":"EIC France \u00e0 la formation APEV 2022"},"content":{"rendered":"\t\t<div data-elementor-type=\"wp-post\" data-elementor-id=\"2877\" class=\"elementor elementor-2877\">\n\t\t\t\t\t\t<section class=\"elementor-section elementor-top-section elementor-element elementor-element-46898ab8 elementor-section-boxed elementor-section-height-default elementor-section-height-default\" data-id=\"46898ab8\" data-element_type=\"section\" data-e-type=\"section\">\n\t\t\t\t\t\t<div class=\"elementor-container elementor-column-gap-no\">\n\t\t\t\t\t<div class=\"elementor-column elementor-col-100 elementor-top-column elementor-element elementor-element-5b5a31c5\" data-id=\"5b5a31c5\" data-element_type=\"column\" data-e-type=\"column\">\n\t\t\t<div class=\"elementor-widget-wrap elementor-element-populated\">\n\t\t\t\t\t\t<div class=\"elementor-element elementor-element-5d9778ff elementor-widget elementor-widget-text-editor\" data-id=\"5d9778ff\" data-element_type=\"widget\" data-e-type=\"widget\" data-widget_type=\"text-editor.default\">\n\t\t\t\t<div class=\"elementor-widget-container\">\n\t\t\t\t\t\t\t\t\t<p><strong>C\u2019est au c\u0153ur du parc naturel r\u00e9gional des Vosges du Nord,<\/strong>\u00a0dans le charmant village de La Petite Pierre, situ\u00e9 sur un \u00e9peron de gr\u00e8s rose au milieu d\u2019une belle et grande for\u00eat de sapins,\u00a0<strong>que s\u2019est tenue la session 2022 de la formation APEV les 13 et 14 octobre derniers, et qu\u2019environ 35 participants ont suivi avec assiduit\u00e9.<\/strong><\/p><p><strong>Comme d\u2019habitude, convivialit\u00e9 et bonne humeur ont \u00e9t\u00e9 les ma\u00eetre-mots de ces deux journ\u00e9es studieuses au cours desquelles ont \u00e9t\u00e9 pr\u00e9sent\u00e9s aux stagiaires,<\/strong>\u00a0non seulement les basiques de l\u2019\u00e9maillage sur acier et fonte, mais \u00e9galement des sujets tr\u00e8s actuels comme le traitement des effluents d\u2019\u00e9maillerie ou l\u2019\u00e9volution des normes alimentaires et sanitaires. Des th\u00e8mes plus originaux tels que l\u2019\u00e9maillage artistique et bijoutier ont \u00e9t\u00e9 pr\u00e9sent\u00e9s \u00e9galement.<\/p><p><strong>Elles se sont achev\u00e9es par une tr\u00e8s int\u00e9ressante visite chez Emaillerie Rh\u00e9nane \u00e0 Ingwiller, sp\u00e9cialiste de l\u2019\u00e9maillage sur fonte, inox et acier pour les secteurs \u00e9lectrom\u00e9nager<\/strong>\u00a0(en particulier Lacanche, son actionnaire principal, mais \u00e9galement La Cornue), l\u2019architecture et la signal\u00e9tique. Nous tenons \u00e0 remercier MM Ren\u00e9 et Olivier Gr\u00e9maux pour l\u2019organisation de cette visite et leur accueil chaleureux traduisant leur passion affich\u00e9e pour le m\u00e9tier de l\u2019\u00e9maillage.<\/p><p><a href=\"https:\/\/www.apev-email.fr\/entreprises-email\/eic-france\/\">EIC FRANCE &#8211; APEV<\/a><\/p><p><!-- \/wp:paragraph --><\/p>\t\t\t\t\t\t\t\t<\/div>\n\t\t\t\t<\/div>\n\t\t\t\t\t<\/div>\n\t\t<\/div>\n\t\t\t\t\t<\/div>\n\t\t<\/section>\n\t\t\t\t<\/div>\n\t\t","protected":false},"excerpt":{"rendered":"<p>C\u2019est au c\u0153ur du parc naturel r\u00e9gional des Vosges du Nord,\u00a0dans le charmant village de La Petite Pierre, situ\u00e9 sur un \u00e9peron de gr\u00e8s rose au milieu d\u2019une belle et grande for\u00eat de sapins,\u00a0que s\u2019est tenue la session 2022 de la formation APEV les 13 et 14 octobre derniers, et [&hellip;]<\/p>\n","protected":false},"author":1,"featured_media":2881,"comment_status":"closed","ping_status":"closed","sticky":false,"template":"","format":"standard","meta":{"footnotes":""},"categories":[24],"tags":[27,26,25],"class_list":["post-2877","post","type-post","status-publish","format-standard","has-post-thumbnail","hentry","category-news-entreprise","tag-bonnes-pratiques","tag-email","tag-formation"],"_links":{"self":[{"href":"https:\/\/eic-france.fr\/index.php?rest_route=\/wp\/v2\/posts\/2877","targetHints":{"allow":["GET"]}}],"collection":[{"href":"https:\/\/eic-france.fr\/index.php?rest_route=\/wp\/v2\/posts"}],"about":[{"href":"https:\/\/eic-france.fr\/index.php?rest_route=\/wp\/v2\/types\/post"}],"author":[{"embeddable":true,"href":"https:\/\/eic-france.fr\/index.php?rest_route=\/wp\/v2\/users\/1"}],"replies":[{"embeddable":true,"href":"https:\/\/eic-france.fr\/index.php?rest_route=%2Fwp%2Fv2%2Fcomments&post=2877"}],"version-history":[{"count":4,"href":"https:\/\/eic-france.fr\/index.php?rest_route=\/wp\/v2\/posts\/2877\/revisions"}],"predecessor-version":[{"id":2882,"href":"https:\/\/eic-france.fr\/index.php?rest_route=\/wp\/v2\/posts\/2877\/revisions\/2882"}],"wp:featuredmedia":[{"embeddable":true,"href":"https:\/\/eic-france.fr\/index.php?rest_route=\/wp\/v2\/media\/2881"}],"wp:attachment":[{"href":"https:\/\/eic-france.fr\/index.php?rest_route=%2Fwp%2Fv2%2Fmedia&parent=2877"}],"wp:term":[{"taxonomy":"category","embeddable":true,"href":"https:\/\/eic-france.fr\/index.php?rest_route=%2Fwp%2Fv2%2Fcategories&post=2877"},{"taxonomy":"post_tag","embeddable":true,"href":"https:\/\/eic-france.fr\/index.php?rest_route=%2Fwp%2Fv2%2Ftags&post=2877"}],"curies":[{"name":"wp","href":"https:\/\/api.w.org\/{rel}","templated":true}]}}